{"id":6108,"date":"2026-02-20T17:16:02","date_gmt":"2026-02-20T16:16:02","guid":{"rendered":"https:\/\/esztergomtours.hu\/?p=6108"},"modified":"2026-02-20T17:16:05","modified_gmt":"2026-02-20T16:16:05","slug":"itt-a-magyar-roma-tortenelmi-seta-2-utvonal","status":"publish","type":"post","link":"https:\/\/esztergomtours.hu\/?p=6108","title":{"rendered":"\u201eItt a Magyar R\u00f3ma!\u201d t\u00f6rt\u00e9nelmi s\u00e9ta &#8211; 2. \u00fatvonal"},"content":{"rendered":"\n<h1 class=\"wp-block-heading has-text-align-center\">\u201eItt a Magyar R\u00f3ma!\u201d t\u00f6rt\u00e9nelmi s\u00e9ta &#8211; 2. \u00fatvonal<\/h1>\n\n\n\n<h4 class=\"wp-block-heading has-text-align-center\">\u201eItt a Magyar R\u00f3ma!\u201d (Babits Mih\u00e1ly)<\/h4>\n\n\n\n<h4 class=\"wp-block-heading has-text-align-center\">A (Becket) Szent Tam\u00e1s \u2013 hegy t\u00f6rt\u00e9nete, Claudio Monteverdi Esztergomban<\/h4>\n\n\n\n<p class=\"has-text-align-center\">Minden szombaton 14 \u00f3r\u00e1t\u00f3l<\/p>\n\n\n\n<p class=\"has-text-align-center\">(ig\u00e9ny szerint, 10 f\u0151 eset\u00e9n m\u00e1s id\u0151pontban is)<\/p>\n\n\n\n<p class=\"has-text-align-center\">Minim\u00e1lis l\u00e9tsz\u00e1m: 8 f\u0151<\/p>\n\n\n\n<p class=\"has-text-align-center\"><strong>El\u0151zetes bejelentkez\u00e9s sz\u00fcks\u00e9ges!<\/strong><\/p>\n\n\n\n<h5 class=\"wp-block-heading\">Tal\u00e1lkoz\u00e1s \u2013 \u00fatvonal:<\/h5>\n\n\n\n<p><strong>A s\u00e9ta a F\u0151sz\u00e9kesegyh\u00e1zi K\u00f6nyvt\u00e1r sark\u00e1t\u00f3l, a Cathedralis Tours Utaz\u00e1si Iroda el\u0151l (P\u00e1zm\u00e1ny P\u00e9ter\/Liszt Ferenc u. sarka) indul.<\/strong><\/p>\n\n\n\n<p>A 19. sz. elej\u00e9n Kis-L\u00e9v\u00e1nak nevezett v\u00e1rosr\u00e9sz \u00e9rint\u00e9s\u00e9vel jutunk el a&nbsp;<strong>Szent Tam\u00e1s-hegyi k\u00e1lv\u00e1ria<\/strong>&nbsp;st\u00e1ci\u00f3ihoz vezet\u0151 terepl\u00e9pcs\u0151ig. Fels\u00e9t\u00e1lunk a 7 \u00e9p\u00edtm\u00e9nyb\u0151l \u00e1ll\u00f3 st\u00e1ci\u00f3-sor el\u0151tt a k\u00e1poln\u00e1ig. (<em>A Kereszt\u00fat 14-b\u0151l 7 st\u00e1ci\u00f3ra reduk\u00e1lt, klasszicista \u00e9p\u00edtm\u00e9nyekbe foglalt, domborm\u0171veit az 1830-as \u00e9vekben Andreas Schrott b\u00e9csi szobr\u00e1sz k\u00e9sz\u00edtette. A st\u00e1ci\u00f3 k\u00e1polna-szer\u0171 \u00e9p\u00edtm\u00e9nyeiben kaptak helyet a megostorozott Krisztus \u00e9s \u201eb\u00fasul\u00f3\u201d Krisztus 18. sz-i fa-szobrai melyek egykor a V\u00e1rhegyen \u00e1ll\u00f3 k\u00f6z\u00e9pkori f\u0151templom romjai k\u00f6zt kialak\u00edtott falf\u00fclk\u00e9kben \u00e1lltak.<\/em>) A hegytet\u0151n \u00e1ll\u00f3, 1823-ban \u00e1tadott k\u00e1poln\u00e1t Benyovszky J\u00e1nos p\u00fcsp\u00f6k emeltette az Esztergom\u00e9rt elesett h\u0151s\u00f6k eml\u00e9k\u00e9re. (<em>Az el\u0151tte \u00e1ll\u00f3 K\u00e1lv\u00e1ria-jelenet szoborcsoportj\u00e1t G\u00f6rgey M\u00e1rton kanonok m\u00e9g a v\u00e1rhegyi n\u00e9hai f\u0151templom romjai k\u00f6z\u00f6tt \u00e1ll\u00edttat-ta fel. K\u00e9sz\u00edt\u0151je 1781-ben Hebenstreit J\u00f3zsef osztr\u00e1k szobr\u00e1sz volt.<\/em>) A k\u00e1polna el\u0151ter\u00e9t\u0151l kit\u00e1rul el\u0151tt\u00fcnk a nemzeti-\u00e9s eur\u00f3pai \u00f6r\u00f6ks\u00e9gg\u00e9 nyilv\u00e1n\u00edtott v\u00e1rhegyi m\u0171eml\u00e9k- egy\u00fcttes, a V\u00edziv\u00e1ros, a Kir\u00e1lyi v\u00e1ros \u00e9s a t\u00e1gabb k\u00f6rny\u00e9k l\u00e1tv\u00e1nya.<\/p>\n\n\n\n<p><strong>Becket ( Szent) Tam\u00e1s<\/strong>&nbsp;Canterbury-i \u00e9s B\u00e1nfi Luk\u00e1cs esztergomi \u00e9rsekek szem\u00e9lyes kapcsolata a 12. sz. v\u00e9g\u00e9n. Hogyan ker\u00fclt Esztergomba az angol m\u00e1rt\u00edr \u00e9rsek tisztelete? (<em>T\u00f6rt\u00e9neti ismertet\u0151.<\/em>) Claudio Monteverdi, az it\u00e1liai barokk opera megteremt\u0151je Esztergomban. (<em>A t\u00f6r\u00f6k id\u0151szak 1541-1685 k\u00f6z\u00f6tt. A \u201eTepedelen parkani\u201d, a t\u00f6r\u00f6k \u201eFejlyukaszt\u00f3 er\u0151d\u201d t\u00f6rt\u00e9nete.<\/em>) Claudio Monteverdi 1595. j\u00falius-szeptember k\u00f6z\u00f6tt tart\u00f3zkodik itt. A kereszt\u00e9ny seregek visszafoglalt\u00e1k Esztergomot. Szeptember 3-\u00e1n, az er\u0151d romjai k\u00f6z\u00f6tt tartott gy\u0151zelmi lakom\u00e1n a Vincenzo Gonzaga mantuai herceg zenekar\u00e1ban szerepl\u0151, (<em>viola da gamb\u00e1n j\u00e1tsz\u00f3) Monteverdi Vespro c\u00edm\u0171 kora-barokk oper\u00e1j\u00e1nak \u0151sbemutat\u00f3j\u00e1ra itt ker\u00fclt sor. Szent Istv\u00e1n-l\u00e9pcs\u0151ig s\u00e9t\u00e1lunk a Szent Tam\u00e1s-hegy fenns\u00edkj\u00e1n. A hegy d\u00e9li v\u00e9g\u00e9n, a kir\u00e1lyi v\u00e1rosba vezet\u0151 meredek szerpentin-l\u00e9pcs\u0151sor 1938-ban, Szent Istv\u00e1n kir\u00e1ly hal\u00e1l\u00e1nak 950. \u00e9vfordul\u00f3j\u00e1ra k\u00e9sz\u00fclt. (A l\u00e9pcs\u0151 fels\u0151 harmad\u00e1nak terasz\u00e1n megtekintj\u00fck Antal K\u00e1roly szobr\u00e1szm\u0171v\u00e9sz 15 m2-es, hatalmas domborm\u0171v\u00e9t, mely Szent Istv\u00e1n esztergomi megkoron\u00e1z\u00e1st \u00e1br\u00e1zolja.<\/em>) A l\u00e9pcs\u0151sor v\u00e9g\u00e9n, a hegy l\u00e1b\u00e1n\u00e1l h\u00faz\u00f3d\u00f3 hangulatos utc\u00e1csk\u00e1n kereszt\u00fcl s\u00e9t\u00e1lunk vissza kiindul\u00e1si pontunkhoz.<\/p>\n\n\n\n<h5 class=\"wp-block-heading\">A s\u00e9ta id\u0151tartama: 1,5 \u2013 2 \u00f3ra.<\/h5>\n\n\n\n<h5 class=\"wp-block-heading\">R\u00e9szv\u00e9teli d\u00edj: 2 000.-Ft\/f\u0151 (6 \u00e9v alatti gyermekeknek ingyenes.)<\/h5>\n\n\n\n<p><strong>Inform\u00e1ci\u00f3 \u2013 jelentkez\u00e9s:<\/strong> szem\u00e9lyesen az al\u00e1bbi c\u00edmen, telefonon a (33) 520-260-as, a 70 391-9992 sz. telefonon, a cathedralisegom@gmail.com, valamint a koditek.pal@gmail.com internet el\u00e9rhet\u0151s\u00e9geken, vagy Facebook oldalunkon.<\/p>\n\n\n\n<p>H-2500 Esztergom, Bajcsy-Zsilinszky E. u. 26. Tel.: (33) 520 260; Fax: (33) 520-261<\/p>\n\n\n\n<p>E-mail: cathedralisegom@gmail.com<\/p>\n\n\n\n<p>Gazdas\u00e1gi Miniszt\u00e9rium bejegyz\u00e9si sz\u00e1m: R-1400\/1996\/2001<\/p>\n","protected":false},"excerpt":{"rendered":"<p>\u201eItt a Magyar R\u00f3ma!\u201d t\u00f6rt\u00e9nelmi s\u00e9ta &#8211; 2. \u00fatvonal \u201eItt a Magyar R\u00f3ma!\u201d (Babits Mih\u00e1ly) A (Becket) Szent Tam\u00e1s \u2013 hegy t\u00f6rt\u00e9nete, Claudio Monteverdi Esztergomban Minden szombaton 14 \u00f3r\u00e1t\u00f3l (ig\u00e9ny szerint, 10 f\u0151 eset\u00e9n m\u00e1s id\u0151pontban is) Minim\u00e1lis l\u00e9tsz\u00e1m: 8 f\u0151 El\u0151zetes bejelentkez\u00e9s sz\u00fcks\u00e9ges! Tal\u00e1lkoz\u00e1s \u2013 \u00fatvonal: A s\u00e9ta a F\u0151sz\u00e9kesegyh\u00e1zi K\u00f6nyvt\u00e1r sark\u00e1t\u00f3l, a Cathedralis [&hellip;]<\/p>\n","protected":false},"author":1,"featured_media":5845,"comment_status":"closed","ping_status":"closed","sticky":false,"template":"","format":"standard","meta":{"footnotes":""},"categories":[317,515],"tags":[],"class_list":["post-6108","post","type-post","status-publish","format-standard","has-post-thumbnail","hentry","category-esztergomi-varosnezes","category-tortenelmi-seta"],"yoast_head":"<!-- This site is optimized with the Yoast SEO plugin v27.0 - https:\/\/yoast.com\/product\/yoast-seo-wordpress\/ -->\n<title>\u201eItt a Magyar R\u00f3ma!\u201d t\u00f6rt\u00e9nelmi s\u00e9ta - 2. \u00fatvonal - Cathedralis Tours<\/title>\n<meta name=\"description\" content=\"Az esztergomi helyt\u00f6rt\u00e9neti s\u00e9ta 2. \u00fatvonala a Szent Tam\u00e1s-hegy t\u00f6rt\u00e9net\u00e9t mutatja be \u00e9s kit\u00e9r Monteverdire.\" \/>\n<meta name=\"robots\" content=\"index, follow, max-snippet:-1, max-image-preview:large, max-video-preview:-1\" \/>\n<link rel=\"canonical\" href=\"https:\/\/esztergomtours.hu\/?p=6108\" \/>\n<meta property=\"og:locale\" content=\"hu_HU\" \/>\n<meta property=\"og:type\" content=\"article\" \/>\n<meta property=\"og:title\" content=\"\u201eItt a Magyar R\u00f3ma!\u201d t\u00f6rt\u00e9nelmi s\u00e9ta - 2. \u00fatvonal\" \/>\n<meta property=\"og:description\" content=\"A s\u00e9ta \u00e9rinti a\u00a0Szent Tam\u00e1s-hegyi k\u00e1lv\u00e1ria st\u00e1ci\u00f3-sort, a k\u00e1poln\u00e1it. A k\u00e1polna el\u0151ter\u00e9t\u0151l kit\u00e1rul el\u0151tt\u00fcnk a nemzeti-\u00e9s eur\u00f3pai \u00f6r\u00f6ks\u00e9gg\u00e9 nyilv\u00e1n\u00edtott v\u00e1rhegyi m\u0171eml\u00e9k- egy\u00fcttes, a V\u00edziv\u00e1ros, a Kir\u00e1lyi v\u00e1ros \u00e9s a t\u00e1gabb k\u00f6rny\u00e9k l\u00e1tv\u00e1nya.\" \/>\n<meta property=\"og:url\" content=\"https:\/\/esztergomtours.hu\/?p=6108\" \/>\n<meta property=\"og:site_name\" content=\"Cathedralis Tours\" \/>\n<meta property=\"article:published_time\" content=\"2026-02-20T16:16:02+00:00\" \/>\n<meta property=\"article:modified_time\" content=\"2026-02-20T16:16:05+00:00\" \/>\n<meta property=\"og:image\" content=\"https:\/\/esztergomtours.hu\/wp-content\/uploads\/Szenttamas.jpg\" \/>\n\t<meta property=\"og:image:width\" content=\"1800\" \/>\n\t<meta property=\"og:image:height\" content=\"810\" \/>\n\t<meta property=\"og:image:type\" content=\"image\/jpeg\" \/>\n<meta name=\"author\" content=\"Margo\" \/>\n<meta name=\"twitter:card\" content=\"summary_large_image\" \/>\n<meta name=\"twitter:label1\" content=\"Szerz\u0151:\" \/>\n\t<meta name=\"twitter:data1\" content=\"Margo\" \/>\n\t<meta name=\"twitter:label2\" content=\"Becs\u00fclt olvas\u00e1si id\u0151\" \/>\n\t<meta name=\"twitter:data2\" content=\"2 perc\" \/>\n<script type=\"application\/ld+json\" class=\"yoast-schema-graph\">{\"@context\":\"https:\/\/schema.org\",\"@graph\":[{\"@type\":\"Article\",\"@id\":\"https:\/\/esztergomtours.hu\/?p=6108#article\",\"isPartOf\":{\"@id\":\"https:\/\/esztergomtours.hu\/?p=6108\"},\"author\":{\"name\":\"Margo\",\"@id\":\"https:\/\/esztergomtours.hu\/#\/schema\/person\/9bc971925c11085da096ff258b153b08\"},\"headline\":\"\u201eItt a Magyar R\u00f3ma!\u201d t\u00f6rt\u00e9nelmi s\u00e9ta &#8211; 2. \u00fatvonal\",\"datePublished\":\"2026-02-20T16:16:02+00:00\",\"dateModified\":\"2026-02-20T16:16:05+00:00\",\"mainEntityOfPage\":{\"@id\":\"https:\/\/esztergomtours.hu\/?p=6108\"},\"wordCount\":659,\"image\":{\"@id\":\"https:\/\/esztergomtours.hu\/?p=6108#primaryimage\"},\"thumbnailUrl\":\"https:\/\/esztergomtours.hu\/wp-content\/uploads\/Szenttamas.jpg\",\"articleSection\":[\"Esztergomi v\u00e1rosn\u00e9z\u00e9s\",\"T\u00f6rt\u00e9nelmi s\u00e9ta\"],\"inLanguage\":\"hu\"},{\"@type\":\"WebPage\",\"@id\":\"https:\/\/esztergomtours.hu\/?p=6108\",\"url\":\"https:\/\/esztergomtours.hu\/?p=6108\",\"name\":\"\u201eItt a Magyar R\u00f3ma!\u201d t\u00f6rt\u00e9nelmi s\u00e9ta - 2. \u00fatvonal - Cathedralis Tours\",\"isPartOf\":{\"@id\":\"https:\/\/esztergomtours.hu\/#website\"},\"primaryImageOfPage\":{\"@id\":\"https:\/\/esztergomtours.hu\/?p=6108#primaryimage\"},\"image\":{\"@id\":\"https:\/\/esztergomtours.hu\/?p=6108#primaryimage\"},\"thumbnailUrl\":\"https:\/\/esztergomtours.hu\/wp-content\/uploads\/Szenttamas.jpg\",\"datePublished\":\"2026-02-20T16:16:02+00:00\",\"dateModified\":\"2026-02-20T16:16:05+00:00\",\"author\":{\"@id\":\"https:\/\/esztergomtours.hu\/#\/schema\/person\/9bc971925c11085da096ff258b153b08\"},\"description\":\"Az esztergomi helyt\u00f6rt\u00e9neti s\u00e9ta 2. \u00fatvonala a Szent Tam\u00e1s-hegy t\u00f6rt\u00e9net\u00e9t mutatja be \u00e9s kit\u00e9r Monteverdire.\",\"breadcrumb\":{\"@id\":\"https:\/\/esztergomtours.hu\/?p=6108#breadcrumb\"},\"inLanguage\":\"hu\",\"potentialAction\":[{\"@type\":\"ReadAction\",\"target\":[\"https:\/\/esztergomtours.hu\/?p=6108\"]}]},{\"@type\":\"ImageObject\",\"inLanguage\":\"hu\",\"@id\":\"https:\/\/esztergomtours.hu\/?p=6108#primaryimage\",\"url\":\"https:\/\/esztergomtours.hu\/wp-content\/uploads\/Szenttamas.jpg\",\"contentUrl\":\"https:\/\/esztergomtours.hu\/wp-content\/uploads\/Szenttamas.jpg\",\"width\":1800,\"height\":810,\"caption\":\"Szent Tam\u00e1s-hegy\"},{\"@type\":\"BreadcrumbList\",\"@id\":\"https:\/\/esztergomtours.hu\/?p=6108#breadcrumb\",\"itemListElement\":[{\"@type\":\"ListItem\",\"position\":1,\"name\":\"Kezd\u0151lap\",\"item\":\"https:\/\/esztergomtours.hu\/\"},{\"@type\":\"ListItem\",\"position\":2,\"name\":\"\u201eItt a Magyar R\u00f3ma!\u201d t\u00f6rt\u00e9nelmi s\u00e9ta &#8211; 2. \u00fatvonal\"}]},{\"@type\":\"WebSite\",\"@id\":\"https:\/\/esztergomtours.hu\/#website\",\"url\":\"https:\/\/esztergomtours.hu\/\",\"name\":\"Cathedralis Tours\",\"description\":\"\u00dcdv\u00f6z\u00f6lj\u00fck a Cathedralis Tours Utaz\u00e1si \u00e9s Kultur\u00e1lis Rendezv\u00e9nyszervez\u0151 Iroda honlapj\u00e1n!\",\"potentialAction\":[{\"@type\":\"SearchAction\",\"target\":{\"@type\":\"EntryPoint\",\"urlTemplate\":\"https:\/\/esztergomtours.hu\/?s={search_term_string}\"},\"query-input\":{\"@type\":\"PropertyValueSpecification\",\"valueRequired\":true,\"valueName\":\"search_term_string\"}}],\"inLanguage\":\"hu\"},{\"@type\":\"Person\",\"@id\":\"https:\/\/esztergomtours.hu\/#\/schema\/person\/9bc971925c11085da096ff258b153b08\",\"name\":\"Margo\",\"image\":{\"@type\":\"ImageObject\",\"inLanguage\":\"hu\",\"@id\":\"https:\/\/esztergomtours.hu\/#\/schema\/person\/image\/\",\"url\":\"https:\/\/secure.gravatar.com\/avatar\/9ad56ef6f571d4cc5d9fb5d08f0b7ac4c4d1914dcd8315ba30e637157375bc76?s=96&d=mm&r=g\",\"contentUrl\":\"https:\/\/secure.gravatar.com\/avatar\/9ad56ef6f571d4cc5d9fb5d08f0b7ac4c4d1914dcd8315ba30e637157375bc76?s=96&d=mm&r=g\",\"caption\":\"Margo\"},\"sameAs\":[\"http:\/\/esztergomtours.hu\"],\"url\":\"https:\/\/esztergomtours.hu\/?author=1\"}]}<\/script>\n<!-- \/ Yoast SEO plugin. -->","yoast_head_json":{"title":"\u201eItt a Magyar R\u00f3ma!\u201d t\u00f6rt\u00e9nelmi s\u00e9ta - 2. \u00fatvonal - Cathedralis Tours","description":"Az esztergomi helyt\u00f6rt\u00e9neti s\u00e9ta 2. \u00fatvonala a Szent Tam\u00e1s-hegy t\u00f6rt\u00e9net\u00e9t mutatja be \u00e9s kit\u00e9r Monteverdire.","robots":{"index":"index","follow":"follow","max-snippet":"max-snippet:-1","max-image-preview":"max-image-preview:large","max-video-preview":"max-video-preview:-1"},"canonical":"https:\/\/esztergomtours.hu\/?p=6108","og_locale":"hu_HU","og_type":"article","og_title":"\u201eItt a Magyar R\u00f3ma!\u201d t\u00f6rt\u00e9nelmi s\u00e9ta - 2. \u00fatvonal","og_description":"A s\u00e9ta \u00e9rinti a\u00a0Szent Tam\u00e1s-hegyi k\u00e1lv\u00e1ria st\u00e1ci\u00f3-sort, a k\u00e1poln\u00e1it. A k\u00e1polna el\u0151ter\u00e9t\u0151l kit\u00e1rul el\u0151tt\u00fcnk a nemzeti-\u00e9s eur\u00f3pai \u00f6r\u00f6ks\u00e9gg\u00e9 nyilv\u00e1n\u00edtott v\u00e1rhegyi m\u0171eml\u00e9k- egy\u00fcttes, a V\u00edziv\u00e1ros, a Kir\u00e1lyi v\u00e1ros \u00e9s a t\u00e1gabb k\u00f6rny\u00e9k l\u00e1tv\u00e1nya.","og_url":"https:\/\/esztergomtours.hu\/?p=6108","og_site_name":"Cathedralis Tours","article_published_time":"2026-02-20T16:16:02+00:00","article_modified_time":"2026-02-20T16:16:05+00:00","og_image":[{"width":1800,"height":810,"url":"https:\/\/esztergomtours.hu\/wp-content\/uploads\/Szenttamas.jpg","type":"image\/jpeg"}],"author":"Margo","twitter_card":"summary_large_image","twitter_misc":{"Szerz\u0151:":"Margo","Becs\u00fclt olvas\u00e1si id\u0151":"2 perc"},"schema":{"@context":"https:\/\/schema.org","@graph":[{"@type":"Article","@id":"https:\/\/esztergomtours.hu\/?p=6108#article","isPartOf":{"@id":"https:\/\/esztergomtours.hu\/?p=6108"},"author":{"name":"Margo","@id":"https:\/\/esztergomtours.hu\/#\/schema\/person\/9bc971925c11085da096ff258b153b08"},"headline":"\u201eItt a Magyar R\u00f3ma!\u201d t\u00f6rt\u00e9nelmi s\u00e9ta &#8211; 2. \u00fatvonal","datePublished":"2026-02-20T16:16:02+00:00","dateModified":"2026-02-20T16:16:05+00:00","mainEntityOfPage":{"@id":"https:\/\/esztergomtours.hu\/?p=6108"},"wordCount":659,"image":{"@id":"https:\/\/esztergomtours.hu\/?p=6108#primaryimage"},"thumbnailUrl":"https:\/\/esztergomtours.hu\/wp-content\/uploads\/Szenttamas.jpg","articleSection":["Esztergomi v\u00e1rosn\u00e9z\u00e9s","T\u00f6rt\u00e9nelmi s\u00e9ta"],"inLanguage":"hu"},{"@type":"WebPage","@id":"https:\/\/esztergomtours.hu\/?p=6108","url":"https:\/\/esztergomtours.hu\/?p=6108","name":"\u201eItt a Magyar R\u00f3ma!\u201d t\u00f6rt\u00e9nelmi s\u00e9ta - 2. \u00fatvonal - Cathedralis Tours","isPartOf":{"@id":"https:\/\/esztergomtours.hu\/#website"},"primaryImageOfPage":{"@id":"https:\/\/esztergomtours.hu\/?p=6108#primaryimage"},"image":{"@id":"https:\/\/esztergomtours.hu\/?p=6108#primaryimage"},"thumbnailUrl":"https:\/\/esztergomtours.hu\/wp-content\/uploads\/Szenttamas.jpg","datePublished":"2026-02-20T16:16:02+00:00","dateModified":"2026-02-20T16:16:05+00:00","author":{"@id":"https:\/\/esztergomtours.hu\/#\/schema\/person\/9bc971925c11085da096ff258b153b08"},"description":"Az esztergomi helyt\u00f6rt\u00e9neti s\u00e9ta 2. \u00fatvonala a Szent Tam\u00e1s-hegy t\u00f6rt\u00e9net\u00e9t mutatja be \u00e9s kit\u00e9r Monteverdire.","breadcrumb":{"@id":"https:\/\/esztergomtours.hu\/?p=6108#breadcrumb"},"inLanguage":"hu","potentialAction":[{"@type":"ReadAction","target":["https:\/\/esztergomtours.hu\/?p=6108"]}]},{"@type":"ImageObject","inLanguage":"hu","@id":"https:\/\/esztergomtours.hu\/?p=6108#primaryimage","url":"https:\/\/esztergomtours.hu\/wp-content\/uploads\/Szenttamas.jpg","contentUrl":"https:\/\/esztergomtours.hu\/wp-content\/uploads\/Szenttamas.jpg","width":1800,"height":810,"caption":"Szent Tam\u00e1s-hegy"},{"@type":"BreadcrumbList","@id":"https:\/\/esztergomtours.hu\/?p=6108#breadcrumb","itemListElement":[{"@type":"ListItem","position":1,"name":"Kezd\u0151lap","item":"https:\/\/esztergomtours.hu\/"},{"@type":"ListItem","position":2,"name":"\u201eItt a Magyar R\u00f3ma!\u201d t\u00f6rt\u00e9nelmi s\u00e9ta &#8211; 2. \u00fatvonal"}]},{"@type":"WebSite","@id":"https:\/\/esztergomtours.hu\/#website","url":"https:\/\/esztergomtours.hu\/","name":"Cathedralis Tours","description":"\u00dcdv\u00f6z\u00f6lj\u00fck a Cathedralis Tours Utaz\u00e1si \u00e9s Kultur\u00e1lis Rendezv\u00e9nyszervez\u0151 Iroda honlapj\u00e1n!","potentialAction":[{"@type":"SearchAction","target":{"@type":"EntryPoint","urlTemplate":"https:\/\/esztergomtours.hu\/?s={search_term_string}"},"query-input":{"@type":"PropertyValueSpecification","valueRequired":true,"valueName":"search_term_string"}}],"inLanguage":"hu"},{"@type":"Person","@id":"https:\/\/esztergomtours.hu\/#\/schema\/person\/9bc971925c11085da096ff258b153b08","name":"Margo","image":{"@type":"ImageObject","inLanguage":"hu","@id":"https:\/\/esztergomtours.hu\/#\/schema\/person\/image\/","url":"https:\/\/secure.gravatar.com\/avatar\/9ad56ef6f571d4cc5d9fb5d08f0b7ac4c4d1914dcd8315ba30e637157375bc76?s=96&d=mm&r=g","contentUrl":"https:\/\/secure.gravatar.com\/avatar\/9ad56ef6f571d4cc5d9fb5d08f0b7ac4c4d1914dcd8315ba30e637157375bc76?s=96&d=mm&r=g","caption":"Margo"},"sameAs":["http:\/\/esztergomtours.hu"],"url":"https:\/\/esztergomtours.hu\/?author=1"}]}},"_links":{"self":[{"href":"https:\/\/esztergomtours.hu\/index.php?rest_route=\/wp\/v2\/posts\/6108","targetHints":{"allow":["GET"]}}],"collection":[{"href":"https:\/\/esztergomtours.hu\/index.php?rest_route=\/wp\/v2\/posts"}],"about":[{"href":"https:\/\/esztergomtours.hu\/index.php?rest_route=\/wp\/v2\/types\/post"}],"author":[{"embeddable":true,"href":"https:\/\/esztergomtours.hu\/index.php?rest_route=\/wp\/v2\/users\/1"}],"replies":[{"embeddable":true,"href":"https:\/\/esztergomtours.hu\/index.php?rest_route=%2Fwp%2Fv2%2Fcomments&post=6108"}],"version-history":[{"count":7,"href":"https:\/\/esztergomtours.hu\/index.php?rest_route=\/wp\/v2\/posts\/6108\/revisions"}],"predecessor-version":[{"id":6212,"href":"https:\/\/esztergomtours.hu\/index.php?rest_route=\/wp\/v2\/posts\/6108\/revisions\/6212"}],"wp:featuredmedia":[{"embeddable":true,"href":"https:\/\/esztergomtours.hu\/index.php?rest_route=\/wp\/v2\/media\/5845"}],"wp:attachment":[{"href":"https:\/\/esztergomtours.hu\/index.php?rest_route=%2Fwp%2Fv2%2Fmedia&parent=6108"}],"wp:term":[{"taxonomy":"category","embeddable":true,"href":"https:\/\/esztergomtours.hu\/index.php?rest_route=%2Fwp%2Fv2%2Fcategories&post=6108"},{"taxonomy":"post_tag","embeddable":true,"href":"https:\/\/esztergomtours.hu\/index.php?rest_route=%2Fwp%2Fv2%2Ftags&post=6108"}],"curies":[{"name":"wp","href":"https:\/\/api.w.org\/{rel}","templated":true}]}}