{"id":6056,"date":"2026-02-20T17:09:21","date_gmt":"2026-02-20T16:09:21","guid":{"rendered":"https:\/\/esztergomtours.hu\/?p=6056"},"modified":"2026-02-20T17:09:24","modified_gmt":"2026-02-20T16:09:24","slug":"esztergom-es-parkany-egy-nap-alatt","status":"publish","type":"post","link":"https:\/\/esztergomtours.hu\/?p=6056","title":{"rendered":"Esztergom \u00e9s P\u00e1rk\u00e1ny legszebb arca"},"content":{"rendered":"\n<h1 class=\"wp-block-heading\">Esztergom \u00e9s P\u00e1rk\u00e1ny legszebb arca<\/h1>\n\n\n\n<h4 class=\"wp-block-heading\">Eg\u00e9sz napos program Esztergomban \u00e9s P\u00e1rk\u00e1nyban minimum 30 f\u0151s csoportoknak<\/h4>\n\n\n\n<p>Egyeztessen id\u0151pontot \u00e9s k\u00e9rjen szem\u00e9lyre szabott \u00e1raj\u00e1nlatot el\u00e9rhet\u0151s\u00e9geinken!<\/p>\n\n\n\n<h4 class=\"wp-block-heading\">A programcsomag tartalma:<\/h4>\n\n\n\n<ul class=\"wp-block-list\">\n<li>kisvonatoz\u00e1s<\/li>\n\n\n\n<li>s\u00e9tahaj\u00f3z\u00e1s<\/li>\n\n\n\n<li>idegenvezet\u00e9s<\/li>\n\n\n\n<li>m\u00fazeumi bel\u00e9p\u0151k<\/li>\n\n\n\n<li>m\u00fazeumi t\u00e1rlatvezet\u00e9s<\/li>\n\n\n\n<li>audioguide<\/li>\n<\/ul>\n\n\n\n<p>Kir\u00e1ndul\u00e1sra, v\u00e1rosn\u00e9z\u00e9sre \u00e9s m\u00fazeuml\u00e1togat\u00e1sra legink\u00e1bb alkalmas \u00e9vszak a tavasz \u00e9s az \u0151sz. A Pilis-hegys\u00e9g \u00e9szak-nyugati lank\u00e1ira, a Duna partj\u00e1ra telep\u00fclt \u0151si kir\u00e1lyi-\u00e9rseki v\u00e1ros ilyenkor mutatja legszebb arc\u00e1t az ide l\u00e1togat\u00f3 vend\u00e9geknek. Esztergom, a Duna jobb partj\u00e1n \u00e9s P\u00e1rk\u00e1ny, a Duna bal partj\u00e1n \u00fagy \u00e9l egy\u00fctt, mint Buda \u00e9s Pest! A p\u00e1rk\u00e1nyi Duna-korz\u00f3r\u00f3l az esztergomi v\u00e1rhegy l\u00e1tv\u00e1nya mintegy lek\u00e9pez\u0151d\u00e9se a pesti Vigad\u00f3 t\u00e9rr\u0151l a budai v\u00e1r l\u00e1tv\u00e1ny\u00e1nak! T\u00f6lts\u00f6n el egy felejthetetlen napot e k\u00e9t v\u00e1rost \u00f6sszek\u00f6t\u0151 folyam partj\u00e1n\u2026 A v\u00e1rhegyi m\u0171eml\u00e9k-egy\u00fcttes Nemzeti Eml\u00e9khely, a kir\u00e1lyi v\u00e1r Eur\u00f3pai \u00d6r\u00f6ks\u00e9g is!<\/p>\n\n\n\n<h4 class=\"wp-block-heading\">Tal\u00e1lkoz\u00e1si pont<\/h4>\n\n\n\n<p>Esztergomba Budapestr\u0151l legegyszer\u0171bb \u00e9s legk\u00e9nyelmesebb vonattal utazni. A s\u0171r\u0171n k\u00f6zleked\u0151, k\u00e9nyelmes vonat alig egy \u00f3ra alatt a modern <strong>esztergomi vas\u00fat\u00e1llom\u00e1s<\/strong>ra \u00e9r.&nbsp; A vend\u00e9geket idegenvezet\u0151 \u00e9s kisvonat v\u00e1rja, amely azut\u00e1n eg\u00e9sz nap a rendelkez\u00e9s\u00fckre \u00e1ll. \u00c9rkez\u00e9st k\u00f6vet\u0151en, idegenvezet\u0151 k\u00eds\u00e9ret\u00e9vel, a kisvonattal utazunk a Bazilik\u00e1ig. T\u00e1volabbr\u00f3l, k\u00fcl\u00f6nj\u00e1rati aut\u00f3busszal \u00e9rkez\u0151 vend\u00e9gek a Bazilika alatt, a<strong> Szent Adalbert K\u00f6zpont el\u0151tti ingyenes parkol\u00f3<\/strong>ba \u00e9rkeznek \u00e9s a Pr\u00edm\u00e1s Pinc\u00e9ben, a lift melletti Tal\u00e1lkoz\u00e1si Ponton tal\u00e1lkoznak az idegenvezet\u0151vel. <em>(Itt veszik fel az audioguide k\u00e9sz\u00fcl\u00e9keket az eg\u00e9sz napos programhoz.)<\/em><\/p>\n\n\n\n<h4 class=\"wp-block-heading\">Bazilika<\/h4>\n\n\n\n<p>Vezetett l\u00e1togat\u00e1s a magyar <strong>f\u0151templomban<\/strong> \u00e9s a <strong>Kincst\u00e1rban<\/strong> ahov\u00e1 lift seg\u00edts\u00e9g\u00e9vel is feljuthatunk (megtekintj\u00fck a vil\u00e1gh\u00edr\u0171 M\u00e1ty\u00e1s k\u00e1lv\u00e1ri\u00e1t, a kir\u00e1lykoron\u00e1z\u00e1sok alkalm\u00e1val haszn\u00e1latos liturgikus t\u00e1rgyakat, a csod\u00e1latos k\u00f6z\u00e9pkori \u00e9s barokk \u00f6tv\u00f6st\u00e1rgyakat \u00e9s textileket).&nbsp;<\/p>\n\n\n\n<p>A V\u00e1rm\u00fazeum megtekint\u00e9se el\u0151tt a <strong>Panor\u00e1ma-terem K\u00e1v\u00e9z\u00f3ban<\/strong> mintegy f\u00e9l \u00f3r\u00e1s pihen\u0151t tartunk.<\/p>\n\n\n\n<h4 class=\"wp-block-heading\">Kir\u00e1lyi V\u00e1r<strong>&nbsp;&nbsp;&nbsp;&nbsp;&nbsp;&nbsp;&nbsp;&nbsp;&nbsp;&nbsp;&nbsp;&nbsp;&nbsp;&nbsp;&nbsp;&nbsp;&nbsp;&nbsp;&nbsp;&nbsp;&nbsp;&nbsp;&nbsp;&nbsp;&nbsp;&nbsp;&nbsp;&nbsp;&nbsp;&nbsp;&nbsp;&nbsp;&nbsp;&nbsp;&nbsp;&nbsp;&nbsp;&nbsp;&nbsp;&nbsp;&nbsp;&nbsp;&nbsp;&nbsp; <\/strong><\/h4>\n\n\n\n<p>\u00c1ts\u00e9t\u00e1lunk az alig 80 m-re tal\u00e1lhat\u00f3 \u00c1rp\u00e1d-h\u00e1zi kir\u00e1lyi, k\u00e9s\u0151bb \u00e9rseki v\u00e1rba, mely haz\u00e1nk els\u0151 k\u0151v\u00e1ra, 19 uralkod\u00f3nk f\u0151 tart\u00f3zkod\u00e1si helye volt.<\/p>\n\n\n\n<h4 class=\"wp-block-heading\">Eb\u00e9did\u0151<\/h4>\n\n\n\n<p>&nbsp;<em>Lehet\u0151s\u00e9g van csoportos \u00e9tkez\u00e9s rendel\u00e9s\u00e9re. <\/em><\/p>\n\n\n\n<h4 class=\"wp-block-heading\">Kisvonatoz\u00e1s<\/h4>\n\n\n\n<p>Eb\u00e9did\u0151 ut\u00e1n \u201evonatra sz\u00e1llunk\u201d \u00e9s a M\u00e1ria Val\u00e9ria h\u00eddon \u00e1tkel\u00fcnk <strong>P\u00e1rk\u00e1nyba<\/strong>. A p\u00e1rk\u00e1nyi vonatos v\u00e1rosn\u00e9z\u00e9s, ut\u00e1n megtekintj\u00fck Sobieski (III. J\u00e1nos) lengyel kir\u00e1ly lovas szobr\u00e1t, akinek szem\u00e9ly\u00e9hez 1683-ban P\u00e1rk\u00e1ny-Esztergom t\u00f6r\u00f6k al\u00f3li felszabad\u00edt\u00e1sa k\u00f6thet\u0151.<\/p>\n\n\n\n<h4 class=\"wp-block-heading\">S\u00e9tahaj\u00f3z\u00e1s<\/h4>\n\n\n\n<p>A k\u00f6zeli kik\u00f6t\u0151ben felsz\u00e1llunk a s\u00e9tahaj\u00f3ra. Az egy \u00f3r\u00e1s haj\u00f3\u00faton, f\u00fclhallgat\u00f3s idegenvezet\u00e9ssel, a v\u00edzr\u0151l ismerked\u00fcnk az Esztergom- \u00e9s P\u00e1rk\u00e1ny-k\u00f6rny\u00e9ki Duna-szakasszal, a M\u00e1ria Val\u00e9ria h\u00edd t\u00f6rt\u00e9net\u00e9vel, stb.<\/p>\n\n\n\n<h4 class=\"wp-block-heading\">Szabadid\u0151<\/h4>\n\n\n\n<p>A s\u00e9tahaj\u00f3z\u00e1st k\u00f6vet\u0151en a csoport \u00e1ltal meghat\u00e1rozott idej\u0171 szabadprogram k\u00f6vetkezik. (S\u00e9ta a Duna-parti korz\u00f3n, felfedezhetj\u00fck a F\u0151 utca s\u00f6r\u00f6z\u0151it, cukr\u00e1szd\u00e1it. Kisebb bev\u00e1s\u00e1rl\u00e1sra is lehet\u0151s\u00e9g van a k\u00f6zeli Billa, vagy Lidl \u00e1ruh\u00e1zakban).&nbsp;&nbsp;&nbsp;<strong>&nbsp;&nbsp;&nbsp;&nbsp;&nbsp;&nbsp;&nbsp;&nbsp;&nbsp;&nbsp;&nbsp;&nbsp;&nbsp;&nbsp;&nbsp;&nbsp;&nbsp;&nbsp;&nbsp;&nbsp;&nbsp;&nbsp;&nbsp;&nbsp;&nbsp;&nbsp;&nbsp;&nbsp;&nbsp;&nbsp;&nbsp;&nbsp;&nbsp;&nbsp;&nbsp;&nbsp;&nbsp;&nbsp;&nbsp;&nbsp;&nbsp;&nbsp;&nbsp;&nbsp;&nbsp;&nbsp;&nbsp;&nbsp;&nbsp;&nbsp;&nbsp;&nbsp;&nbsp;&nbsp;&nbsp;&nbsp;&nbsp;&nbsp;&nbsp;&nbsp;&nbsp;&nbsp;&nbsp;&nbsp;&nbsp;&nbsp;&nbsp;&nbsp;&nbsp;&nbsp;&nbsp;&nbsp;&nbsp;&nbsp;&nbsp;&nbsp;&nbsp;&nbsp;&nbsp;&nbsp;&nbsp;&nbsp;&nbsp;&nbsp;&nbsp;&nbsp;&nbsp;&nbsp;&nbsp;&nbsp;&nbsp;&nbsp;&nbsp;&nbsp;&nbsp;&nbsp;&nbsp;&nbsp;&nbsp;&nbsp;&nbsp;&nbsp;&nbsp;&nbsp;&nbsp;&nbsp;&nbsp;&nbsp;&nbsp;&nbsp;&nbsp;&nbsp;&nbsp; &nbsp;<\/strong><\/p>\n\n\n\n<h4 class=\"wp-block-heading\">B\u00facs\u00fa P\u00e1rk\u00e1ny-Esztergomt\u00f3l!<\/h4>\n\n\n\n<p>A kisvonat a vend\u00e9geket visszaviszi az esztergomi vas\u00fat\u00e1llom\u00e1sra az indul\u00f3 vonathoz igazodva, vagy a vend\u00e9gek M\u00e1ria Val\u00e9ria h\u00edd esztergomi h\u00eddf\u0151j\u00e9n\u00e9l parkol\u00f3 aut\u00f3busz\u00e1hoz.&nbsp;&nbsp;<strong> &nbsp;&nbsp;&nbsp;&nbsp;&nbsp;&nbsp;&nbsp;&nbsp;&nbsp;&nbsp;<\/strong><\/p>\n\n\n\n<h4 class=\"wp-block-heading\">Inform\u00e1ci\u00f3:&nbsp; <\/h4>\n\n\n\n<ul class=\"wp-block-list\">\n<li><strong>Cathedralis Tours Kft.<\/strong><\/li>\n\n\n\n<li>Esztergom (eng.sz.: R-1400\/1996),<\/li>\n\n\n\n<li>+36 33&nbsp;520-260,<strong>&nbsp;<\/strong>+36 70&nbsp;391-9992&nbsp;<\/li>\n\n\n\n<li><a href=\"mailto:cathedralisegom@gmail.com\">cathedralisegom@gmail.com<\/a>, <a href=\"mailto:koditek.pal@gmail.com\">koditek.pal@gmail.com<\/a>.<\/li>\n\n\n\n<li><a href=\"http:\/\/esztergomtours.hu\">esztergomtours.hu&nbsp;<\/a><\/li>\n<\/ul>\n\n\n\n<h4 class=\"wp-block-heading\">R\u00e9szv\u00e9teli d\u00edj: <\/h4>\n\n\n\n<ul class=\"wp-block-list\">\n<li>Ir\u00e1ny\u00e1r: <strong>20.000.-Ft.\/f\u0151<\/strong> <em>( a d\u00edj az eb\u00e9den k\u00edv\u00fcl minden szolg\u00e1ltat\u00e1st tartalmaz!)<\/em><\/li>\n\n\n\n<li>Kedvezm\u00e9nyes \u00e1r: <strong>17.000.-Ft.\/f\u0151 <\/strong>(nyugd\u00edjasok \u00e9s di\u00e1kok sz\u00e1m\u00e1ra).<\/li>\n\n\n\n<li>A fenti \u00e1rat egy <strong>minimum 30 f\u0151s l\u00e9sz\u00e1m<\/strong> eset\u00e9n tudjuk biztos\u00edtani.<\/li>\n\n\n\n<li>K\u00e9rje szem\u00e9lyre szabott \u00e1raj\u00e1nlatunkat \u00e9s egyeztessen id\u0151pontot el\u00e9rhet\u0151s\u00e9geinken!<\/li>\n<\/ul>\n\n\n\n<h4 class=\"wp-block-heading\">J\u00e1rm\u0171veink befogad\u00f3k\u00e9pess\u00e9ge:<\/h4>\n\n\n\n<ul class=\"wp-block-list\">\n<li>Kisvonat : 55 f\u0151<\/li>\n\n\n\n<li>Omnibusz: 31 f\u0151<\/li>\n\n\n\n<li>Balu haj\u00f3: 90 f\u0151<\/li>\n<\/ul>\n\n\n\n<figure class=\"wp-block-gallery has-nested-images columns-default is-cropped wp-block-gallery-1 is-layout-flex wp-block-gallery-is-layout-flex\">\n<figure class=\"wp-block-image size-large\"><img loading=\"lazy\" decoding=\"async\" width=\"1024\" height=\"682\" data-id=\"6128\" src=\"https:\/\/esztergomtours.hu\/wp-content\/uploads\/BALU-hajo-1024x682.jpg\" alt=\"Esztergomi s\u00e9tahaj\u00f3\" class=\"wp-image-6128\" srcset=\"https:\/\/esztergomtours.hu\/wp-content\/uploads\/BALU-hajo-1024x682.jpg 1024w, https:\/\/esztergomtours.hu\/wp-content\/uploads\/BALU-hajo-300x200.jpg 300w, https:\/\/esztergomtours.hu\/wp-content\/uploads\/BALU-hajo-768x512.jpg 768w, https:\/\/esztergomtours.hu\/wp-content\/uploads\/BALU-hajo.jpg 1300w\" sizes=\"auto, (max-width: 1024px) 100vw, 1024px\" \/><\/figure>\n\n\n\n<figure class=\"wp-block-image size-large is-style-default\"><img loading=\"lazy\" decoding=\"async\" width=\"695\" height=\"1024\" data-id=\"6124\" src=\"https:\/\/esztergomtours.hu\/wp-content\/uploads\/Omnibusz-Bazilika-alatt-695x1024.jpg\" alt=\"\" class=\"wp-image-6124\" srcset=\"https:\/\/esztergomtours.hu\/wp-content\/uploads\/Omnibusz-Bazilika-alatt-695x1024.jpg 695w, https:\/\/esztergomtours.hu\/wp-content\/uploads\/Omnibusz-Bazilika-alatt-203x300.jpg 203w, https:\/\/esztergomtours.hu\/wp-content\/uploads\/Omnibusz-Bazilika-alatt-768x1132.jpg 768w, https:\/\/esztergomtours.hu\/wp-content\/uploads\/Omnibusz-Bazilika-alatt-1042x1536.jpg 1042w, https:\/\/esztergomtours.hu\/wp-content\/uploads\/Omnibusz-Bazilika-alatt.jpg 1389w\" sizes=\"auto, (max-width: 695px) 100vw, 695px\" \/><\/figure>\n\n\n\n<figure class=\"wp-block-image size-large\"><img loading=\"lazy\" decoding=\"async\" width=\"1024\" height=\"651\" data-id=\"6078\" src=\"https:\/\/esztergomtours.hu\/wp-content\/uploads\/Esztergomi-Balu-kisvonat-e1728756148134-1024x651.jpg\" alt=\"Esztergomi \u00e9s p\u00e1rk\u00e1nyi kisvonat\" class=\"wp-image-6078\" srcset=\"https:\/\/esztergomtours.hu\/wp-content\/uploads\/Esztergomi-Balu-kisvonat-e1728756148134-1024x651.jpg 1024w, https:\/\/esztergomtours.hu\/wp-content\/uploads\/Esztergomi-Balu-kisvonat-e1728756148134-300x191.jpg 300w, https:\/\/esztergomtours.hu\/wp-content\/uploads\/Esztergomi-Balu-kisvonat-e1728756148134-768x488.jpg 768w, https:\/\/esztergomtours.hu\/wp-content\/uploads\/Esztergomi-Balu-kisvonat-e1728756148134.jpg 1360w\" sizes=\"auto, (max-width: 1024px) 100vw, 1024px\" \/><\/figure>\n<\/figure>\n\n\n\n<h4 class=\"wp-block-heading\">Egy\u00fcttm\u0171k\u00f6d\u0151 partner: <\/h4>\n\n\n\n<ul class=\"wp-block-list\">\n<li><a href=\"http:\/\/esztergomisetahajo.hu\" target=\"_blank\" rel=\"noreferrer noopener\">esztergomisetahajo.hu<\/a><\/li>\n\n\n\n<li>+36 70 775 99 01<\/li>\n\n\n\n<li><a href=\"mailto:esztergomisetahajo@gmail.com\">esztergomisetahajo@gmail.com<\/a><\/li>\n<\/ul>\n\n\n\n<p><\/p>\n","protected":false},"excerpt":{"rendered":"<p>Esztergom \u00e9s P\u00e1rk\u00e1ny legszebb arca Eg\u00e9sz napos program Esztergomban \u00e9s P\u00e1rk\u00e1nyban minimum 30 f\u0151s csoportoknak Egyeztessen id\u0151pontot \u00e9s k\u00e9rjen szem\u00e9lyre szabott \u00e1raj\u00e1nlatot el\u00e9rhet\u0151s\u00e9geinken! A programcsomag tartalma: Kir\u00e1ndul\u00e1sra, v\u00e1rosn\u00e9z\u00e9sre \u00e9s m\u00fazeuml\u00e1togat\u00e1sra legink\u00e1bb alkalmas \u00e9vszak a tavasz \u00e9s az \u0151sz. A Pilis-hegys\u00e9g \u00e9szak-nyugati lank\u00e1ira, a Duna partj\u00e1ra telep\u00fclt \u0151si kir\u00e1lyi-\u00e9rseki v\u00e1ros ilyenkor mutatja legszebb arc\u00e1t az ide [&hellip;]<\/p>\n","protected":false},"author":1,"featured_media":6128,"comment_status":"open","ping_status":"open","sticky":false,"template":"","format":"standard","meta":{"footnotes":""},"categories":[317,370,572,568],"tags":[436,592,590],"class_list":["post-6056","post","type-post","status-publish","format-standard","has-post-thumbnail","hentry","category-esztergomi-varosnezes","category-idegenvezetes","category-kisvonatozas","category-setahajozas","tag-idegenvezetes","tag-kisvonatozas","tag-setahajozas"],"yoast_head":"<!-- This site is optimized with the Yoast SEO plugin v27.0 - https:\/\/yoast.com\/product\/yoast-seo-wordpress\/ -->\n<title>Esztergom \u00e9s P\u00e1rk\u00e1ny legszebb arca - Cathedralis Tours<\/title>\n<meta name=\"description\" content=\"Ez egy teljes napos programcsomag Esztergomban \u00e9s P\u00e1rk\u00e1nyban s\u00e9tahaj\u00f3z\u00e1ssal, kisvonatoz\u00e1ssal \u00e9s idegenvezet\u00e9ssel egybek\u00f6tve nyugd\u00edjasoknak.\" \/>\n<meta name=\"robots\" content=\"index, follow, max-snippet:-1, max-image-preview:large, max-video-preview:-1\" \/>\n<link rel=\"canonical\" href=\"https:\/\/esztergomtours.hu\/?p=6056\" \/>\n<meta property=\"og:locale\" content=\"hu_HU\" \/>\n<meta property=\"og:type\" content=\"article\" \/>\n<meta property=\"og:title\" content=\"Esztergom \u00e9s P\u00e1rk\u00e1ny s\u00e9tahaj\u00f3z\u00e1ssal, kisvonatoz\u00e1ssal \u00e9s idegenvezet\u00e9ssel\" \/>\n<meta property=\"og:description\" content=\"Itt egy kiv\u00e1l\u00f3 teljes napos program Esztergom \u00e9s P\u00e1rk\u00e1ny megl\u00e1togat\u00e1s\u00e1ra s\u00e9tahaj\u00f3z\u00e1ssal, kisvonatoz\u00e1ssal \u00e9s idegenvezet\u00e9ssel egybek\u00f6tve. Kell enn\u00e9l t\u00f6bb?\" \/>\n<meta property=\"og:url\" content=\"https:\/\/esztergomtours.hu\/?p=6056\" \/>\n<meta property=\"og:site_name\" content=\"Cathedralis Tours\" \/>\n<meta property=\"article:published_time\" content=\"2026-02-20T16:09:21+00:00\" \/>\n<meta property=\"article:modified_time\" content=\"2026-02-20T16:09:24+00:00\" \/>\n<meta property=\"og:image\" content=\"https:\/\/esztergomtours.hu\/wp-content\/uploads\/BALU-hajo.jpg\" \/>\n\t<meta property=\"og:image:width\" content=\"1300\" \/>\n\t<meta property=\"og:image:height\" content=\"866\" \/>\n\t<meta property=\"og:image:type\" content=\"image\/jpeg\" \/>\n<meta name=\"author\" content=\"Margo\" \/>\n<meta name=\"twitter:card\" content=\"summary_large_image\" \/>\n<meta name=\"twitter:label1\" content=\"Szerz\u0151:\" \/>\n\t<meta name=\"twitter:data1\" content=\"Margo\" \/>\n\t<meta name=\"twitter:label2\" content=\"Becs\u00fclt olvas\u00e1si id\u0151\" \/>\n\t<meta name=\"twitter:data2\" content=\"3 perc\" \/>\n<script type=\"application\/ld+json\" class=\"yoast-schema-graph\">{\"@context\":\"https:\/\/schema.org\",\"@graph\":[{\"@type\":\"Article\",\"@id\":\"https:\/\/esztergomtours.hu\/?p=6056#article\",\"isPartOf\":{\"@id\":\"https:\/\/esztergomtours.hu\/?p=6056\"},\"author\":{\"name\":\"Margo\",\"@id\":\"https:\/\/esztergomtours.hu\/#\/schema\/person\/9bc971925c11085da096ff258b153b08\"},\"headline\":\"Esztergom \u00e9s P\u00e1rk\u00e1ny legszebb arca\",\"datePublished\":\"2026-02-20T16:09:21+00:00\",\"dateModified\":\"2026-02-20T16:09:24+00:00\",\"mainEntityOfPage\":{\"@id\":\"https:\/\/esztergomtours.hu\/?p=6056\"},\"wordCount\":975,\"commentCount\":1,\"image\":{\"@id\":\"https:\/\/esztergomtours.hu\/?p=6056#primaryimage\"},\"thumbnailUrl\":\"https:\/\/esztergomtours.hu\/wp-content\/uploads\/BALU-hajo.jpg\",\"keywords\":[\"Idegenvezet\u00e9s\",\"Kisvonatoz\u00e1s\",\"S\u00e9tahaj\u00f3z\u00e1s\"],\"articleSection\":[\"Esztergomi v\u00e1rosn\u00e9z\u00e9s\",\"Idegenvezet\u00e9s\",\"Kisvonatoz\u00e1s\",\"S\u00e9tahaj\u00f3z\u00e1s\"],\"inLanguage\":\"hu\",\"potentialAction\":[{\"@type\":\"CommentAction\",\"name\":\"Comment\",\"target\":[\"https:\/\/esztergomtours.hu\/?p=6056#respond\"]}]},{\"@type\":\"WebPage\",\"@id\":\"https:\/\/esztergomtours.hu\/?p=6056\",\"url\":\"https:\/\/esztergomtours.hu\/?p=6056\",\"name\":\"Esztergom \u00e9s P\u00e1rk\u00e1ny legszebb arca - Cathedralis Tours\",\"isPartOf\":{\"@id\":\"https:\/\/esztergomtours.hu\/#website\"},\"primaryImageOfPage\":{\"@id\":\"https:\/\/esztergomtours.hu\/?p=6056#primaryimage\"},\"image\":{\"@id\":\"https:\/\/esztergomtours.hu\/?p=6056#primaryimage\"},\"thumbnailUrl\":\"https:\/\/esztergomtours.hu\/wp-content\/uploads\/BALU-hajo.jpg\",\"datePublished\":\"2026-02-20T16:09:21+00:00\",\"dateModified\":\"2026-02-20T16:09:24+00:00\",\"author\":{\"@id\":\"https:\/\/esztergomtours.hu\/#\/schema\/person\/9bc971925c11085da096ff258b153b08\"},\"description\":\"Ez egy teljes napos programcsomag Esztergomban \u00e9s P\u00e1rk\u00e1nyban s\u00e9tahaj\u00f3z\u00e1ssal, kisvonatoz\u00e1ssal \u00e9s idegenvezet\u00e9ssel egybek\u00f6tve nyugd\u00edjasoknak.\",\"breadcrumb\":{\"@id\":\"https:\/\/esztergomtours.hu\/?p=6056#breadcrumb\"},\"inLanguage\":\"hu\",\"potentialAction\":[{\"@type\":\"ReadAction\",\"target\":[\"https:\/\/esztergomtours.hu\/?p=6056\"]}]},{\"@type\":\"ImageObject\",\"inLanguage\":\"hu\",\"@id\":\"https:\/\/esztergomtours.hu\/?p=6056#primaryimage\",\"url\":\"https:\/\/esztergomtours.hu\/wp-content\/uploads\/BALU-hajo.jpg\",\"contentUrl\":\"https:\/\/esztergomtours.hu\/wp-content\/uploads\/BALU-hajo.jpg\",\"width\":1300,\"height\":866,\"caption\":\"Esztergomi s\u00e9tahaj\u00f3\"},{\"@type\":\"BreadcrumbList\",\"@id\":\"https:\/\/esztergomtours.hu\/?p=6056#breadcrumb\",\"itemListElement\":[{\"@type\":\"ListItem\",\"position\":1,\"name\":\"Kezd\u0151lap\",\"item\":\"https:\/\/esztergomtours.hu\/\"},{\"@type\":\"ListItem\",\"position\":2,\"name\":\"Esztergom \u00e9s P\u00e1rk\u00e1ny legszebb arca\"}]},{\"@type\":\"WebSite\",\"@id\":\"https:\/\/esztergomtours.hu\/#website\",\"url\":\"https:\/\/esztergomtours.hu\/\",\"name\":\"Cathedralis Tours\",\"description\":\"\u00dcdv\u00f6z\u00f6lj\u00fck a Cathedralis Tours Utaz\u00e1si \u00e9s Kultur\u00e1lis Rendezv\u00e9nyszervez\u0151 Iroda honlapj\u00e1n!\",\"potentialAction\":[{\"@type\":\"SearchAction\",\"target\":{\"@type\":\"EntryPoint\",\"urlTemplate\":\"https:\/\/esztergomtours.hu\/?s={search_term_string}\"},\"query-input\":{\"@type\":\"PropertyValueSpecification\",\"valueRequired\":true,\"valueName\":\"search_term_string\"}}],\"inLanguage\":\"hu\"},{\"@type\":\"Person\",\"@id\":\"https:\/\/esztergomtours.hu\/#\/schema\/person\/9bc971925c11085da096ff258b153b08\",\"name\":\"Margo\",\"image\":{\"@type\":\"ImageObject\",\"inLanguage\":\"hu\",\"@id\":\"https:\/\/esztergomtours.hu\/#\/schema\/person\/image\/\",\"url\":\"https:\/\/secure.gravatar.com\/avatar\/9ad56ef6f571d4cc5d9fb5d08f0b7ac4c4d1914dcd8315ba30e637157375bc76?s=96&d=mm&r=g\",\"contentUrl\":\"https:\/\/secure.gravatar.com\/avatar\/9ad56ef6f571d4cc5d9fb5d08f0b7ac4c4d1914dcd8315ba30e637157375bc76?s=96&d=mm&r=g\",\"caption\":\"Margo\"},\"sameAs\":[\"http:\/\/esztergomtours.hu\"],\"url\":\"https:\/\/esztergomtours.hu\/?author=1\"}]}<\/script>\n<!-- \/ Yoast SEO plugin. -->","yoast_head_json":{"title":"Esztergom \u00e9s P\u00e1rk\u00e1ny legszebb arca - Cathedralis Tours","description":"Ez egy teljes napos programcsomag Esztergomban \u00e9s P\u00e1rk\u00e1nyban s\u00e9tahaj\u00f3z\u00e1ssal, kisvonatoz\u00e1ssal \u00e9s idegenvezet\u00e9ssel egybek\u00f6tve nyugd\u00edjasoknak.","robots":{"index":"index","follow":"follow","max-snippet":"max-snippet:-1","max-image-preview":"max-image-preview:large","max-video-preview":"max-video-preview:-1"},"canonical":"https:\/\/esztergomtours.hu\/?p=6056","og_locale":"hu_HU","og_type":"article","og_title":"Esztergom \u00e9s P\u00e1rk\u00e1ny s\u00e9tahaj\u00f3z\u00e1ssal, kisvonatoz\u00e1ssal \u00e9s idegenvezet\u00e9ssel","og_description":"Itt egy kiv\u00e1l\u00f3 teljes napos program Esztergom \u00e9s P\u00e1rk\u00e1ny megl\u00e1togat\u00e1s\u00e1ra s\u00e9tahaj\u00f3z\u00e1ssal, kisvonatoz\u00e1ssal \u00e9s idegenvezet\u00e9ssel egybek\u00f6tve. Kell enn\u00e9l t\u00f6bb?","og_url":"https:\/\/esztergomtours.hu\/?p=6056","og_site_name":"Cathedralis Tours","article_published_time":"2026-02-20T16:09:21+00:00","article_modified_time":"2026-02-20T16:09:24+00:00","og_image":[{"width":1300,"height":866,"url":"https:\/\/esztergomtours.hu\/wp-content\/uploads\/BALU-hajo.jpg","type":"image\/jpeg"}],"author":"Margo","twitter_card":"summary_large_image","twitter_misc":{"Szerz\u0151:":"Margo","Becs\u00fclt olvas\u00e1si id\u0151":"3 perc"},"schema":{"@context":"https:\/\/schema.org","@graph":[{"@type":"Article","@id":"https:\/\/esztergomtours.hu\/?p=6056#article","isPartOf":{"@id":"https:\/\/esztergomtours.hu\/?p=6056"},"author":{"name":"Margo","@id":"https:\/\/esztergomtours.hu\/#\/schema\/person\/9bc971925c11085da096ff258b153b08"},"headline":"Esztergom \u00e9s P\u00e1rk\u00e1ny legszebb arca","datePublished":"2026-02-20T16:09:21+00:00","dateModified":"2026-02-20T16:09:24+00:00","mainEntityOfPage":{"@id":"https:\/\/esztergomtours.hu\/?p=6056"},"wordCount":975,"commentCount":1,"image":{"@id":"https:\/\/esztergomtours.hu\/?p=6056#primaryimage"},"thumbnailUrl":"https:\/\/esztergomtours.hu\/wp-content\/uploads\/BALU-hajo.jpg","keywords":["Idegenvezet\u00e9s","Kisvonatoz\u00e1s","S\u00e9tahaj\u00f3z\u00e1s"],"articleSection":["Esztergomi v\u00e1rosn\u00e9z\u00e9s","Idegenvezet\u00e9s","Kisvonatoz\u00e1s","S\u00e9tahaj\u00f3z\u00e1s"],"inLanguage":"hu","potentialAction":[{"@type":"CommentAction","name":"Comment","target":["https:\/\/esztergomtours.hu\/?p=6056#respond"]}]},{"@type":"WebPage","@id":"https:\/\/esztergomtours.hu\/?p=6056","url":"https:\/\/esztergomtours.hu\/?p=6056","name":"Esztergom \u00e9s P\u00e1rk\u00e1ny legszebb arca - Cathedralis Tours","isPartOf":{"@id":"https:\/\/esztergomtours.hu\/#website"},"primaryImageOfPage":{"@id":"https:\/\/esztergomtours.hu\/?p=6056#primaryimage"},"image":{"@id":"https:\/\/esztergomtours.hu\/?p=6056#primaryimage"},"thumbnailUrl":"https:\/\/esztergomtours.hu\/wp-content\/uploads\/BALU-hajo.jpg","datePublished":"2026-02-20T16:09:21+00:00","dateModified":"2026-02-20T16:09:24+00:00","author":{"@id":"https:\/\/esztergomtours.hu\/#\/schema\/person\/9bc971925c11085da096ff258b153b08"},"description":"Ez egy teljes napos programcsomag Esztergomban \u00e9s P\u00e1rk\u00e1nyban s\u00e9tahaj\u00f3z\u00e1ssal, kisvonatoz\u00e1ssal \u00e9s idegenvezet\u00e9ssel egybek\u00f6tve nyugd\u00edjasoknak.","breadcrumb":{"@id":"https:\/\/esztergomtours.hu\/?p=6056#breadcrumb"},"inLanguage":"hu","potentialAction":[{"@type":"ReadAction","target":["https:\/\/esztergomtours.hu\/?p=6056"]}]},{"@type":"ImageObject","inLanguage":"hu","@id":"https:\/\/esztergomtours.hu\/?p=6056#primaryimage","url":"https:\/\/esztergomtours.hu\/wp-content\/uploads\/BALU-hajo.jpg","contentUrl":"https:\/\/esztergomtours.hu\/wp-content\/uploads\/BALU-hajo.jpg","width":1300,"height":866,"caption":"Esztergomi s\u00e9tahaj\u00f3"},{"@type":"BreadcrumbList","@id":"https:\/\/esztergomtours.hu\/?p=6056#breadcrumb","itemListElement":[{"@type":"ListItem","position":1,"name":"Kezd\u0151lap","item":"https:\/\/esztergomtours.hu\/"},{"@type":"ListItem","position":2,"name":"Esztergom \u00e9s P\u00e1rk\u00e1ny legszebb arca"}]},{"@type":"WebSite","@id":"https:\/\/esztergomtours.hu\/#website","url":"https:\/\/esztergomtours.hu\/","name":"Cathedralis Tours","description":"\u00dcdv\u00f6z\u00f6lj\u00fck a Cathedralis Tours Utaz\u00e1si \u00e9s Kultur\u00e1lis Rendezv\u00e9nyszervez\u0151 Iroda honlapj\u00e1n!","potentialAction":[{"@type":"SearchAction","target":{"@type":"EntryPoint","urlTemplate":"https:\/\/esztergomtours.hu\/?s={search_term_string}"},"query-input":{"@type":"PropertyValueSpecification","valueRequired":true,"valueName":"search_term_string"}}],"inLanguage":"hu"},{"@type":"Person","@id":"https:\/\/esztergomtours.hu\/#\/schema\/person\/9bc971925c11085da096ff258b153b08","name":"Margo","image":{"@type":"ImageObject","inLanguage":"hu","@id":"https:\/\/esztergomtours.hu\/#\/schema\/person\/image\/","url":"https:\/\/secure.gravatar.com\/avatar\/9ad56ef6f571d4cc5d9fb5d08f0b7ac4c4d1914dcd8315ba30e637157375bc76?s=96&d=mm&r=g","contentUrl":"https:\/\/secure.gravatar.com\/avatar\/9ad56ef6f571d4cc5d9fb5d08f0b7ac4c4d1914dcd8315ba30e637157375bc76?s=96&d=mm&r=g","caption":"Margo"},"sameAs":["http:\/\/esztergomtours.hu"],"url":"https:\/\/esztergomtours.hu\/?author=1"}]}},"_links":{"self":[{"href":"https:\/\/esztergomtours.hu\/index.php?rest_route=\/wp\/v2\/posts\/6056","targetHints":{"allow":["GET"]}}],"collection":[{"href":"https:\/\/esztergomtours.hu\/index.php?rest_route=\/wp\/v2\/posts"}],"about":[{"href":"https:\/\/esztergomtours.hu\/index.php?rest_route=\/wp\/v2\/types\/post"}],"author":[{"embeddable":true,"href":"https:\/\/esztergomtours.hu\/index.php?rest_route=\/wp\/v2\/users\/1"}],"replies":[{"embeddable":true,"href":"https:\/\/esztergomtours.hu\/index.php?rest_route=%2Fwp%2Fv2%2Fcomments&post=6056"}],"version-history":[{"count":44,"href":"https:\/\/esztergomtours.hu\/index.php?rest_route=\/wp\/v2\/posts\/6056\/revisions"}],"predecessor-version":[{"id":6274,"href":"https:\/\/esztergomtours.hu\/index.php?rest_route=\/wp\/v2\/posts\/6056\/revisions\/6274"}],"wp:featuredmedia":[{"embeddable":true,"href":"https:\/\/esztergomtours.hu\/index.php?rest_route=\/wp\/v2\/media\/6128"}],"wp:attachment":[{"href":"https:\/\/esztergomtours.hu\/index.php?rest_route=%2Fwp%2Fv2%2Fmedia&parent=6056"}],"wp:term":[{"taxonomy":"category","embeddable":true,"href":"https:\/\/esztergomtours.hu\/index.php?rest_route=%2Fwp%2Fv2%2Fcategories&post=6056"},{"taxonomy":"post_tag","embeddable":true,"href":"https:\/\/esztergomtours.hu\/index.php?rest_route=%2Fwp%2Fv2%2Ftags&post=6056"}],"curies":[{"name":"wp","href":"https:\/\/api.w.org\/{rel}","templated":true}]}}