{"id":5889,"date":"2021-05-11T12:31:50","date_gmt":"2021-05-11T12:31:50","guid":{"rendered":"http:\/\/esztergomtours.hu\/?p=5889"},"modified":"2024-10-12T19:12:45","modified_gmt":"2024-10-12T18:12:45","slug":"tortenelmi-seta","status":"publish","type":"post","link":"https:\/\/esztergomtours.hu\/?p=5889","title":{"rendered":"T\u00f6rt\u00e9nelmi s\u00e9ta"},"content":{"rendered":"<p>2021-ben is sz\u00e1m\u00edthatnak az Esztergomba \u00e9rkez\u0151k a turist\u00e1k k\u00f6r\u00e9ben legn\u00e9pszer\u0171bb kultur\u00e1lis programra: a t\u00f6rt\u00e9nelmi s\u00e9t\u00e1kra. Az esztergomi sz\u00e9khely\u0171 Cathedralis Tours Utaz\u00e1si Iroda turistaszezonban heti rendszeress\u00e9ggel idd\u00edtja vezetett v\u00e1rosn\u00e9z\u00e9seit. A k\u00e9t tematikus s\u00e9ta k\u00e9t k\u00fcl\u00f6nb\u00f6z\u0151 v\u00e1rosr\u00e9szt fed le.<\/p>\n<p>Az &#8222;Itt a magyar R\u00f3ma &#8211; 1. \u00fatvonal&#8221; c\u00edm\u0171 t\u00f6rt\u00e9nelmi s\u00e9ta alatt az esztergomi v\u00e1rhegyet j\u00e1rj\u00e1k be \u00e9s t\u00e1rlatvezet\u00e9sen vehetnek r\u00e9szt a f\u0151sz\u00e9kesegyh\u00e1zban. Ez a t\u00fara 2021-ben m\u00e1just\u00f3l okt\u00f3berig minden p\u00e9ntek, szombat \u00e9s vas\u00e1rnap 9:30-kor indul a Cathedralis Tours Utaz\u00e1si Irod\u00e1t\u00f3l.<\/p>\n<p>Az &#8222;Itt a magyar R\u00f3ma &#8211; 2. \u00fatvonal&#8221; c\u00edm\u0171 t\u00f6rt\u00e9nelmi s\u00e9ta alatt a Becket Szent Tam\u00e1s-hegyet j\u00e1rj\u00e1k be, amelyr\u0151l pomp\u00e1s kil\u00e1t\u00e1s ny\u00edlik az esztergomi v\u00e1rhegyre \u00e9s a Dunakanyarra. Ez a t\u00fara 2021-ben m\u00e1just\u00f3l okt\u00f3berig minden szombaton \u00e9s vas\u00e1rnap 14:00-kor indul a Cathedralis Tours Utaz\u00e1si Irod\u00e1t\u00f3l.<\/p>\n<p>&nbsp;<\/p>\n","protected":false},"excerpt":{"rendered":"<p>2021-ben is sz\u00e1m\u00edthatnak az Esztergomba \u00e9rkez\u0151k a turist\u00e1k k\u00f6r\u00e9ben legn\u00e9pszer\u0171bb kultur\u00e1lis programra: a t\u00f6rt\u00e9nelmi s\u00e9t\u00e1kra. Az esztergomi sz\u00e9khely\u0171 Cathedralis Tours Utaz\u00e1si Iroda turistaszezonban heti rendszeress\u00e9ggel idd\u00edtja vezetett v\u00e1rosn\u00e9z\u00e9seit. A k\u00e9t tematikus s\u00e9ta k\u00e9t k\u00fcl\u00f6nb\u00f6z\u0151 v\u00e1rosr\u00e9szt fed le. Az &#8222;Itt a magyar R\u00f3ma &#8211; 1. \u00fatvonal&#8221; c\u00edm\u0171 t\u00f6rt\u00e9nelmi s\u00e9ta alatt az esztergomi v\u00e1rhegyet j\u00e1rj\u00e1k be \u00e9s [&hellip;]<\/p>\n","protected":false},"author":1,"featured_media":5821,"comment_status":"open","ping_status":"open","sticky":false,"template":"","format":"standard","meta":{"footnotes":""},"categories":[317,370,515],"tags":[502,436],"class_list":["post-5889","post","type-post","status-publish","format-standard","has-post-thumbnail","hentry","category-esztergomi-varosnezes","category-idegenvezetes","category-tortenelmi-seta","tag-helytortenet","tag-idegenvezetes"],"yoast_head":"<!-- This site is optimized with the Yoast SEO plugin v27.0 - https:\/\/yoast.com\/product\/yoast-seo-wordpress\/ -->\n<title>T\u00f6rt\u00e9nelmi s\u00e9ta - Cathedralis Tours<\/title>\n<meta name=\"robots\" content=\"index, follow, max-snippet:-1, max-image-preview:large, max-video-preview:-1\" \/>\n<link rel=\"canonical\" href=\"https:\/\/esztergomtours.hu\/?p=5889\" \/>\n<meta property=\"og:locale\" content=\"hu_HU\" \/>\n<meta property=\"og:type\" content=\"article\" \/>\n<meta property=\"og:title\" content=\"T\u00f6rt\u00e9nelmi s\u00e9ta - Cathedralis Tours\" \/>\n<meta property=\"og:description\" content=\"2021-ben is sz\u00e1m\u00edthatnak az Esztergomba \u00e9rkez\u0151k a turist\u00e1k k\u00f6r\u00e9ben legn\u00e9pszer\u0171bb kultur\u00e1lis programra: a t\u00f6rt\u00e9nelmi s\u00e9t\u00e1kra. Az esztergomi sz\u00e9khely\u0171 Cathedralis Tours Utaz\u00e1si Iroda turistaszezonban heti rendszeress\u00e9ggel idd\u00edtja vezetett v\u00e1rosn\u00e9z\u00e9seit. A k\u00e9t tematikus s\u00e9ta k\u00e9t k\u00fcl\u00f6nb\u00f6z\u0151 v\u00e1rosr\u00e9szt fed le. Az &#8222;Itt a magyar R\u00f3ma &#8211; 1. \u00fatvonal&#8221; c\u00edm\u0171 t\u00f6rt\u00e9nelmi s\u00e9ta alatt az esztergomi v\u00e1rhegyet j\u00e1rj\u00e1k be \u00e9s [&hellip;]\" \/>\n<meta property=\"og:url\" content=\"https:\/\/esztergomtours.hu\/?p=5889\" \/>\n<meta property=\"og:site_name\" content=\"Cathedralis Tours\" \/>\n<meta property=\"article:published_time\" content=\"2021-05-11T12:31:50+00:00\" \/>\n<meta property=\"article:modified_time\" content=\"2024-10-12T18:12:45+00:00\" \/>\n<meta property=\"og:image\" content=\"https:\/\/esztergomtours.hu\/wp-content\/uploads\/Bazilika_tavasz.jpg\" \/>\n\t<meta property=\"og:image:width\" content=\"1800\" \/>\n\t<meta property=\"og:image:height\" content=\"810\" \/>\n\t<meta property=\"og:image:type\" content=\"image\/jpeg\" \/>\n<meta name=\"author\" content=\"Margo\" \/>\n<meta name=\"twitter:card\" content=\"summary_large_image\" \/>\n<meta name=\"twitter:label1\" content=\"Szerz\u0151:\" \/>\n\t<meta name=\"twitter:data1\" content=\"Margo\" \/>\n\t<meta name=\"twitter:label2\" content=\"Becs\u00fclt olvas\u00e1si id\u0151\" \/>\n\t<meta name=\"twitter:data2\" content=\"1 perc\" \/>\n<script type=\"application\/ld+json\" class=\"yoast-schema-graph\">{\"@context\":\"https:\/\/schema.org\",\"@graph\":[{\"@type\":\"Article\",\"@id\":\"https:\/\/esztergomtours.hu\/?p=5889#article\",\"isPartOf\":{\"@id\":\"https:\/\/esztergomtours.hu\/?p=5889\"},\"author\":{\"name\":\"Margo\",\"@id\":\"https:\/\/esztergomtours.hu\/#\/schema\/person\/9bc971925c11085da096ff258b153b08\"},\"headline\":\"T\u00f6rt\u00e9nelmi s\u00e9ta\",\"datePublished\":\"2021-05-11T12:31:50+00:00\",\"dateModified\":\"2024-10-12T18:12:45+00:00\",\"mainEntityOfPage\":{\"@id\":\"https:\/\/esztergomtours.hu\/?p=5889\"},\"wordCount\":200,\"commentCount\":0,\"image\":{\"@id\":\"https:\/\/esztergomtours.hu\/?p=5889#primaryimage\"},\"thumbnailUrl\":\"https:\/\/esztergomtours.hu\/wp-content\/uploads\/Bazilika_tavasz.jpg\",\"keywords\":[\"Helyt\u00f6rt\u00e9net\",\"Idegenvezet\u00e9s\"],\"articleSection\":[\"Esztergomi v\u00e1rosn\u00e9z\u00e9s\",\"Idegenvezet\u00e9s\",\"T\u00f6rt\u00e9nelmi s\u00e9ta\"],\"inLanguage\":\"hu\",\"potentialAction\":[{\"@type\":\"CommentAction\",\"name\":\"Comment\",\"target\":[\"https:\/\/esztergomtours.hu\/?p=5889#respond\"]}]},{\"@type\":\"WebPage\",\"@id\":\"https:\/\/esztergomtours.hu\/?p=5889\",\"url\":\"https:\/\/esztergomtours.hu\/?p=5889\",\"name\":\"T\u00f6rt\u00e9nelmi s\u00e9ta - Cathedralis Tours\",\"isPartOf\":{\"@id\":\"https:\/\/esztergomtours.hu\/#website\"},\"primaryImageOfPage\":{\"@id\":\"https:\/\/esztergomtours.hu\/?p=5889#primaryimage\"},\"image\":{\"@id\":\"https:\/\/esztergomtours.hu\/?p=5889#primaryimage\"},\"thumbnailUrl\":\"https:\/\/esztergomtours.hu\/wp-content\/uploads\/Bazilika_tavasz.jpg\",\"datePublished\":\"2021-05-11T12:31:50+00:00\",\"dateModified\":\"2024-10-12T18:12:45+00:00\",\"author\":{\"@id\":\"https:\/\/esztergomtours.hu\/#\/schema\/person\/9bc971925c11085da096ff258b153b08\"},\"breadcrumb\":{\"@id\":\"https:\/\/esztergomtours.hu\/?p=5889#breadcrumb\"},\"inLanguage\":\"hu\",\"potentialAction\":[{\"@type\":\"ReadAction\",\"target\":[\"https:\/\/esztergomtours.hu\/?p=5889\"]}]},{\"@type\":\"ImageObject\",\"inLanguage\":\"hu\",\"@id\":\"https:\/\/esztergomtours.hu\/?p=5889#primaryimage\",\"url\":\"https:\/\/esztergomtours.hu\/wp-content\/uploads\/Bazilika_tavasz.jpg\",\"contentUrl\":\"https:\/\/esztergomtours.hu\/wp-content\/uploads\/Bazilika_tavasz.jpg\",\"width\":1800,\"height\":810,\"caption\":\"Esztergomi F\u0151sz\u00e9kesegyh\u00e1z\"},{\"@type\":\"BreadcrumbList\",\"@id\":\"https:\/\/esztergomtours.hu\/?p=5889#breadcrumb\",\"itemListElement\":[{\"@type\":\"ListItem\",\"position\":1,\"name\":\"Kezd\u0151lap\",\"item\":\"https:\/\/esztergomtours.hu\/\"},{\"@type\":\"ListItem\",\"position\":2,\"name\":\"T\u00f6rt\u00e9nelmi s\u00e9ta\"}]},{\"@type\":\"WebSite\",\"@id\":\"https:\/\/esztergomtours.hu\/#website\",\"url\":\"https:\/\/esztergomtours.hu\/\",\"name\":\"Cathedralis Tours\",\"description\":\"\u00dcdv\u00f6z\u00f6lj\u00fck a Cathedralis Tours Utaz\u00e1si \u00e9s Kultur\u00e1lis Rendezv\u00e9nyszervez\u0151 Iroda honlapj\u00e1n!\",\"potentialAction\":[{\"@type\":\"SearchAction\",\"target\":{\"@type\":\"EntryPoint\",\"urlTemplate\":\"https:\/\/esztergomtours.hu\/?s={search_term_string}\"},\"query-input\":{\"@type\":\"PropertyValueSpecification\",\"valueRequired\":true,\"valueName\":\"search_term_string\"}}],\"inLanguage\":\"hu\"},{\"@type\":\"Person\",\"@id\":\"https:\/\/esztergomtours.hu\/#\/schema\/person\/9bc971925c11085da096ff258b153b08\",\"name\":\"Margo\",\"image\":{\"@type\":\"ImageObject\",\"inLanguage\":\"hu\",\"@id\":\"https:\/\/esztergomtours.hu\/#\/schema\/person\/image\/\",\"url\":\"https:\/\/secure.gravatar.com\/avatar\/9ad56ef6f571d4cc5d9fb5d08f0b7ac4c4d1914dcd8315ba30e637157375bc76?s=96&d=mm&r=g\",\"contentUrl\":\"https:\/\/secure.gravatar.com\/avatar\/9ad56ef6f571d4cc5d9fb5d08f0b7ac4c4d1914dcd8315ba30e637157375bc76?s=96&d=mm&r=g\",\"caption\":\"Margo\"},\"sameAs\":[\"http:\/\/esztergomtours.hu\"],\"url\":\"https:\/\/esztergomtours.hu\/?author=1\"}]}<\/script>\n<!-- \/ Yoast SEO plugin. -->","yoast_head_json":{"title":"T\u00f6rt\u00e9nelmi s\u00e9ta - Cathedralis Tours","robots":{"index":"index","follow":"follow","max-snippet":"max-snippet:-1","max-image-preview":"max-image-preview:large","max-video-preview":"max-video-preview:-1"},"canonical":"https:\/\/esztergomtours.hu\/?p=5889","og_locale":"hu_HU","og_type":"article","og_title":"T\u00f6rt\u00e9nelmi s\u00e9ta - Cathedralis Tours","og_description":"2021-ben is sz\u00e1m\u00edthatnak az Esztergomba \u00e9rkez\u0151k a turist\u00e1k k\u00f6r\u00e9ben legn\u00e9pszer\u0171bb kultur\u00e1lis programra: a t\u00f6rt\u00e9nelmi s\u00e9t\u00e1kra. Az esztergomi sz\u00e9khely\u0171 Cathedralis Tours Utaz\u00e1si Iroda turistaszezonban heti rendszeress\u00e9ggel idd\u00edtja vezetett v\u00e1rosn\u00e9z\u00e9seit. A k\u00e9t tematikus s\u00e9ta k\u00e9t k\u00fcl\u00f6nb\u00f6z\u0151 v\u00e1rosr\u00e9szt fed le. Az &#8222;Itt a magyar R\u00f3ma &#8211; 1. \u00fatvonal&#8221; c\u00edm\u0171 t\u00f6rt\u00e9nelmi s\u00e9ta alatt az esztergomi v\u00e1rhegyet j\u00e1rj\u00e1k be \u00e9s [&hellip;]","og_url":"https:\/\/esztergomtours.hu\/?p=5889","og_site_name":"Cathedralis Tours","article_published_time":"2021-05-11T12:31:50+00:00","article_modified_time":"2024-10-12T18:12:45+00:00","og_image":[{"width":1800,"height":810,"url":"https:\/\/esztergomtours.hu\/wp-content\/uploads\/Bazilika_tavasz.jpg","type":"image\/jpeg"}],"author":"Margo","twitter_card":"summary_large_image","twitter_misc":{"Szerz\u0151:":"Margo","Becs\u00fclt olvas\u00e1si id\u0151":"1 perc"},"schema":{"@context":"https:\/\/schema.org","@graph":[{"@type":"Article","@id":"https:\/\/esztergomtours.hu\/?p=5889#article","isPartOf":{"@id":"https:\/\/esztergomtours.hu\/?p=5889"},"author":{"name":"Margo","@id":"https:\/\/esztergomtours.hu\/#\/schema\/person\/9bc971925c11085da096ff258b153b08"},"headline":"T\u00f6rt\u00e9nelmi s\u00e9ta","datePublished":"2021-05-11T12:31:50+00:00","dateModified":"2024-10-12T18:12:45+00:00","mainEntityOfPage":{"@id":"https:\/\/esztergomtours.hu\/?p=5889"},"wordCount":200,"commentCount":0,"image":{"@id":"https:\/\/esztergomtours.hu\/?p=5889#primaryimage"},"thumbnailUrl":"https:\/\/esztergomtours.hu\/wp-content\/uploads\/Bazilika_tavasz.jpg","keywords":["Helyt\u00f6rt\u00e9net","Idegenvezet\u00e9s"],"articleSection":["Esztergomi v\u00e1rosn\u00e9z\u00e9s","Idegenvezet\u00e9s","T\u00f6rt\u00e9nelmi s\u00e9ta"],"inLanguage":"hu","potentialAction":[{"@type":"CommentAction","name":"Comment","target":["https:\/\/esztergomtours.hu\/?p=5889#respond"]}]},{"@type":"WebPage","@id":"https:\/\/esztergomtours.hu\/?p=5889","url":"https:\/\/esztergomtours.hu\/?p=5889","name":"T\u00f6rt\u00e9nelmi s\u00e9ta - Cathedralis Tours","isPartOf":{"@id":"https:\/\/esztergomtours.hu\/#website"},"primaryImageOfPage":{"@id":"https:\/\/esztergomtours.hu\/?p=5889#primaryimage"},"image":{"@id":"https:\/\/esztergomtours.hu\/?p=5889#primaryimage"},"thumbnailUrl":"https:\/\/esztergomtours.hu\/wp-content\/uploads\/Bazilika_tavasz.jpg","datePublished":"2021-05-11T12:31:50+00:00","dateModified":"2024-10-12T18:12:45+00:00","author":{"@id":"https:\/\/esztergomtours.hu\/#\/schema\/person\/9bc971925c11085da096ff258b153b08"},"breadcrumb":{"@id":"https:\/\/esztergomtours.hu\/?p=5889#breadcrumb"},"inLanguage":"hu","potentialAction":[{"@type":"ReadAction","target":["https:\/\/esztergomtours.hu\/?p=5889"]}]},{"@type":"ImageObject","inLanguage":"hu","@id":"https:\/\/esztergomtours.hu\/?p=5889#primaryimage","url":"https:\/\/esztergomtours.hu\/wp-content\/uploads\/Bazilika_tavasz.jpg","contentUrl":"https:\/\/esztergomtours.hu\/wp-content\/uploads\/Bazilika_tavasz.jpg","width":1800,"height":810,"caption":"Esztergomi F\u0151sz\u00e9kesegyh\u00e1z"},{"@type":"BreadcrumbList","@id":"https:\/\/esztergomtours.hu\/?p=5889#breadcrumb","itemListElement":[{"@type":"ListItem","position":1,"name":"Kezd\u0151lap","item":"https:\/\/esztergomtours.hu\/"},{"@type":"ListItem","position":2,"name":"T\u00f6rt\u00e9nelmi s\u00e9ta"}]},{"@type":"WebSite","@id":"https:\/\/esztergomtours.hu\/#website","url":"https:\/\/esztergomtours.hu\/","name":"Cathedralis Tours","description":"\u00dcdv\u00f6z\u00f6lj\u00fck a Cathedralis Tours Utaz\u00e1si \u00e9s Kultur\u00e1lis Rendezv\u00e9nyszervez\u0151 Iroda honlapj\u00e1n!","potentialAction":[{"@type":"SearchAction","target":{"@type":"EntryPoint","urlTemplate":"https:\/\/esztergomtours.hu\/?s={search_term_string}"},"query-input":{"@type":"PropertyValueSpecification","valueRequired":true,"valueName":"search_term_string"}}],"inLanguage":"hu"},{"@type":"Person","@id":"https:\/\/esztergomtours.hu\/#\/schema\/person\/9bc971925c11085da096ff258b153b08","name":"Margo","image":{"@type":"ImageObject","inLanguage":"hu","@id":"https:\/\/esztergomtours.hu\/#\/schema\/person\/image\/","url":"https:\/\/secure.gravatar.com\/avatar\/9ad56ef6f571d4cc5d9fb5d08f0b7ac4c4d1914dcd8315ba30e637157375bc76?s=96&d=mm&r=g","contentUrl":"https:\/\/secure.gravatar.com\/avatar\/9ad56ef6f571d4cc5d9fb5d08f0b7ac4c4d1914dcd8315ba30e637157375bc76?s=96&d=mm&r=g","caption":"Margo"},"sameAs":["http:\/\/esztergomtours.hu"],"url":"https:\/\/esztergomtours.hu\/?author=1"}]}},"_links":{"self":[{"href":"https:\/\/esztergomtours.hu\/index.php?rest_route=\/wp\/v2\/posts\/5889","targetHints":{"allow":["GET"]}}],"collection":[{"href":"https:\/\/esztergomtours.hu\/index.php?rest_route=\/wp\/v2\/posts"}],"about":[{"href":"https:\/\/esztergomtours.hu\/index.php?rest_route=\/wp\/v2\/types\/post"}],"author":[{"embeddable":true,"href":"https:\/\/esztergomtours.hu\/index.php?rest_route=\/wp\/v2\/users\/1"}],"replies":[{"embeddable":true,"href":"https:\/\/esztergomtours.hu\/index.php?rest_route=%2Fwp%2Fv2%2Fcomments&post=5889"}],"version-history":[{"count":1,"href":"https:\/\/esztergomtours.hu\/index.php?rest_route=\/wp\/v2\/posts\/5889\/revisions"}],"predecessor-version":[{"id":5890,"href":"https:\/\/esztergomtours.hu\/index.php?rest_route=\/wp\/v2\/posts\/5889\/revisions\/5890"}],"wp:featuredmedia":[{"embeddable":true,"href":"https:\/\/esztergomtours.hu\/index.php?rest_route=\/wp\/v2\/media\/5821"}],"wp:attachment":[{"href":"https:\/\/esztergomtours.hu\/index.php?rest_route=%2Fwp%2Fv2%2Fmedia&parent=5889"}],"wp:term":[{"taxonomy":"category","embeddable":true,"href":"https:\/\/esztergomtours.hu\/index.php?rest_route=%2Fwp%2Fv2%2Fcategories&post=5889"},{"taxonomy":"post_tag","embeddable":true,"href":"https:\/\/esztergomtours.hu\/index.php?rest_route=%2Fwp%2Fv2%2Ftags&post=5889"}],"curies":[{"name":"wp","href":"https:\/\/api.w.org\/{rel}","templated":true}]}}